{"id":6565,"date":"2019-01-22T12:50:53","date_gmt":"2019-01-22T11:50:53","guid":{"rendered":"http:\/\/www.confraternitamacellairoma.org\/quercia\/?p=6565"},"modified":"2019-02-08T13:04:17","modified_gmt":"2019-02-08T12:04:17","slug":"la-rassegna-stampa-del-22-gennaio-2019","status":"publish","type":"post","link":"https:\/\/www.confraternitamacellairoma.org\/quercia\/la-rassegna-stampa-del-22-gennaio-2019\/","title":{"rendered":"La Rassegna Stampa del 22 gennaio 2019"},"content":{"rendered":"<table style=\"background-color: #333;\" border=\"0\" width=\"670\" cellspacing=\"0\" cellpadding=\"0\">\n<tbody>\n<tr>\n<td align=\"left\" valign=\"middle\" width=\"82\">\n<div style=\"padding: 5px;\"><a style=\"color: #ffffff; text-decoration: none;\" href=\"https:\/\/www.scoop.it\/t\/confraternitamacellairoma\"><br \/>\n<img loading=\"lazy\" style=\"border: 1px solid white; vertical-align: middle;\" src=\"https:\/\/img.scoop.it\/SwtUh8tnhND0d6yyuTiauXtaqQ9jF4X0hGx63f-a5Gc=\" alt=\"Confraternita di Santa Maria della Quercia dei Macellai di Roma\" width=\"70\" height=\"70\"><br \/>\n<\/a><\/div>\n<\/td>\n<td align=\"left\" valign=\"top\" width=\"478\">\n<div style=\"background-color: #333; text-align: left; padding-left: 5px; color: #ffffff; font-family: Helvetica, Arial, sans-serif;\">\n<div style=\"font-weight: bold; font-size: 22px; padding-top: 5px;\"><a style=\"color: #ffffff; text-decoration: none;\" href=\"https:\/\/www.scoop.it\/t\/confraternitamacellairoma\">Confraternita di Santa Maria della Quercia dei Macellai di Roma<\/a><\/div>\n<div style=\"font-size: 14px;\">by <a style=\"color: #ffffff; text-decoration: none;\" href=\"https:\/\/www.scoop.it\/u\/confraternita-di-santa-maria-della-quercia-dei-macellai-di-roma\">Confraternita di Santa Maria della Quercia dei Macellai di Roma<\/a><\/div>\n<\/div>\n<\/td>\n<td style=\"padding-bottom: 5px; padding-right: 5px;\" align=\"right\" valign=\"bottom\" width=\"110\">&nbsp;<\/p>\n<p>&nbsp;<\/td>\n<\/tr>\n<\/tbody>\n<\/table>\n<p><img src=\"https:\/\/www.scoop.it\/resources\/img\/mail\/space.gif\" height=\"6\"><\/p>\n<table border=\"0\" width=\"665\" cellspacing=\"0\" cellpadding=\"0\">\n<tbody>\n<tr>\n<td style=\"vertical-align: top; padding-top: 0px; padding-bottom: 0px; padding-left: 0px;\" width=\"50%\">\n<table style=\"margin-top: 0px;\" border=\"0\" width=\"333\" cellspacing=\"0\" cellpadding=\"0\">\n<tbody>\n<tr>\n<td style=\"border: 1px solid #e3e3e3; padding: 10px 5px 10px 5px;\">\n<div style=\"font-size: 16px; font-weight: bold;\"><a style=\"color: #010101; text-decoration: none;\" href=\"https:\/\/www.scoop.it\/t\/confraternitamacellairoma\/p\/4104846721\/2019\/01\/22\/coldiretti-valorizzare-zootecnia-made-in-piemonte-contro-l-estinzione-delle-razze-storiche\">Coldiretti: &#8220;Valorizzare zootecnia Made in Piemonte contro l&#8217;estinzione delle razze storiche\u201d<\/a><\/div>\n<div style=\"padding-top: 10px; width: 313px; margin: auto;\"><a style=\"decoration: none;\" href=\"https:\/\/www.scoop.it\/t\/confraternitamacellairoma\/p\/4104846721\/2019\/01\/22\/coldiretti-valorizzare-zootecnia-made-in-piemonte-contro-l-estinzione-delle-razze-storiche\"><img loading=\"lazy\" src=\"https:\/\/img.scoop.it\/6NsWirI2vaLEY8aDd2-BCDl72eJkfbmt4t8yenImKBXqD_qC683PzcRRQf8EIxmv\" width=\"313\" height=\"209\" border=\"0\"><\/a><\/div>\n<div style=\"padding-top: 10px; font-size: 13px; width: 300px; overflow: hidden; text-overflow: ellipsis; word-wrap: break-word;\"><a style=\"color: #010101; text-decoration: none;\" href=\"https:\/\/www.scoop.it\/t\/confraternitamacellairoma\/p\/4104846721\/2019\/01\/22\/coldiretti-valorizzare-zootecnia-made-in-piemonte-contro-l-estinzione-delle-razze-storiche\">L\u2019allarme lanciato in occasione di Sant\u2019Antonio Abate, il Patrono degli animali<\/a><\/div>\n<\/td>\n<\/tr>\n<\/tbody>\n<\/table>\n<table style=\"margin-top: 5px;\" border=\"0\" width=\"333\" cellspacing=\"0\" cellpadding=\"0\">\n<tbody>\n<tr>\n<td style=\"border: 1px solid #e3e3e3; padding: 10px 5px 10px 5px;\">\n<div style=\"font-size: 16px; font-weight: bold;\"><a style=\"color: #010101; text-decoration: none;\" href=\"https:\/\/www.scoop.it\/t\/confraternitamacellairoma\/p\/4104846686\/2019\/01\/22\/salumi-dop-stretta-sui-controlli-un-software-seguira-tutte-le-fasi-di-produzione\">Salumi Dop, stretta sui controlli: un software seguir\u00e0 tutte le fasi di produzione<\/a><\/div>\n<div style=\"padding-top: 10px; width: 313px; margin: auto;\"><a style=\"decoration: none;\" href=\"https:\/\/www.scoop.it\/t\/confraternitamacellairoma\/p\/4104846686\/2019\/01\/22\/salumi-dop-stretta-sui-controlli-un-software-seguira-tutte-le-fasi-di-produzione\"><img loading=\"lazy\" src=\"https:\/\/img.scoop.it\/IOoS5HCKzYMnLvnowtPyYTl72eJkfbmt4t8yenImKBXqD_qC683PzcRRQf8EIxmv\" width=\"313\" height=\"188\" border=\"0\"><\/a><\/div>\n<div style=\"padding-top: 10px; font-size: 13px; width: 300px; overflow: hidden; text-overflow: ellipsis; word-wrap: break-word;\"><a style=\"color: #010101; text-decoration: none;\" href=\"https:\/\/www.scoop.it\/t\/confraternitamacellairoma\/p\/4104846686\/2019\/01\/22\/salumi-dop-stretta-sui-controlli-un-software-seguira-tutte-le-fasi-di-produzione\">L&#8217;Istituto Parma Qualit\u00e0:&#8221;L&#8217;obiettivo \u00e8 garantire l&#8217;affidabilit\u00e0 di un sistema che negli ultimi anni \u00e8 stato&nbsp;scosso da problematiche strutturali&#8221;<\/a><\/div>\n<\/td>\n<\/tr>\n<\/tbody>\n<\/table>\n<table style=\"margin-top: 5px;\" border=\"0\" width=\"333\" cellspacing=\"0\" cellpadding=\"0\">\n<tbody>\n<tr>\n<td style=\"border: 1px solid #e3e3e3; padding: 10px 5px 10px 5px;\">\n<div style=\"font-size: 16px; font-weight: bold;\"><a style=\"color: #010101; text-decoration: none;\" href=\"https:\/\/www.scoop.it\/t\/confraternitamacellairoma\/p\/4104845966\/2019\/01\/22\/a-gennaio-in-romagna-si-celebra-la-festa-del-maiale\">A gennaio in Romagna si celebra la Festa del Maiale<\/a><\/div>\n<div style=\"padding-top: 10px; width: 313px; margin: auto;\"><a style=\"decoration: none;\" href=\"https:\/\/www.scoop.it\/t\/confraternitamacellairoma\/p\/4104845966\/2019\/01\/22\/a-gennaio-in-romagna-si-celebra-la-festa-del-maiale\"><img loading=\"lazy\" src=\"https:\/\/img.scoop.it\/JssEqUMKYpKZcbqXN8lnMDl72eJkfbmt4t8yenImKBXqD_qC683PzcRRQf8EIxmv\" width=\"313\" height=\"209\" border=\"0\"><\/a><\/div>\n<div style=\"padding-top: 10px; font-size: 13px; width: 300px; overflow: hidden; text-overflow: ellipsis; word-wrap: break-word;\"><a style=\"color: #010101; text-decoration: none;\" href=\"https:\/\/www.scoop.it\/t\/confraternitamacellairoma\/p\/4104845966\/2019\/01\/22\/a-gennaio-in-romagna-si-celebra-la-festa-del-maiale\">La Festa del maiale in Romagna tramanda con i riti collettivi la tradizionale macellazione del maiale che anche in passato avveniva a gennaio<\/a><\/div>\n<\/td>\n<\/tr>\n<\/tbody>\n<\/table>\n<table style=\"margin-top: 5px;\" border=\"0\" width=\"333\" cellspacing=\"0\" cellpadding=\"0\">\n<tbody>\n<tr>\n<td style=\"border: 1px solid #e3e3e3; padding: 10px 5px 10px 5px;\">\n<div style=\"font-size: 16px; font-weight: bold;\"><a style=\"color: #010101; text-decoration: none;\" href=\"https:\/\/www.scoop.it\/t\/confraternitamacellairoma\/p\/4104847181\/2019\/01\/22\/sant-antonio-abate-il-santo-di-maiali-macellai-e-salumai\">Sant&#8217;Antonio Abate, il santo di maiali, macellai e salumai<\/a><\/div>\n<div style=\"padding-top: 10px; width: 313px; margin: auto;\"><a style=\"decoration: none;\" href=\"https:\/\/www.scoop.it\/t\/confraternitamacellairoma\/p\/4104847181\/2019\/01\/22\/sant-antonio-abate-il-santo-di-maiali-macellai-e-salumai\"><img loading=\"lazy\" src=\"https:\/\/img.scoop.it\/a-VBRIxv-Uivjgo10pkL1zl72eJkfbmt4t8yenImKBXqD_qC683PzcRRQf8EIxmv\" width=\"313\" height=\"209\" border=\"0\"><\/a><\/div>\n<div style=\"padding-top: 10px; font-size: 13px; width: 300px; overflow: hidden; text-overflow: ellipsis; word-wrap: break-word;\"><a style=\"color: #010101; text-decoration: none;\" href=\"https:\/\/www.scoop.it\/t\/confraternitamacellairoma\/p\/4104847181\/2019\/01\/22\/sant-antonio-abate-il-santo-di-maiali-macellai-e-salumai\">Per la Chiesa Cattolica, il santo \u00e8 protettore del bestiame, degli animali domestici, ma anche dei macellai e dei salumai, dei contadini e degli allevatori. Nell\u2019iconografia viene raffigurato in compagnia di un maiale. Ci\u00f2 \u00e8 riconducibile all\u2019usanza dell\u2019ordine degli antoniani di allevare i maiali per ricavarne sostentamento economico, balsami e cibi per i malati che curavano.<\/a><\/div>\n<\/td>\n<\/tr>\n<\/tbody>\n<\/table>\n<\/td>\n<td style=\"vertical-align: top; padding-top: 0px; padding-bottom: 0px; padding-left: 5px;\" width=\"50%\">\n<table style=\"margin-top: 0px;\" border=\"0\" width=\"333\" cellspacing=\"0\" cellpadding=\"0\">\n<tbody>\n<tr>\n<td style=\"border: 1px solid #e3e3e3; padding: 10px 5px 10px 5px;\">\n<div style=\"font-size: 16px; font-weight: bold;\"><a style=\"color: #010101; text-decoration: none;\" href=\"https:\/\/www.scoop.it\/t\/confraternitamacellairoma\/p\/4104848062\/2019\/01\/22\/industrie-europee-della-carne-contestano-studio-eat-lancet\">Industrie europee della carne contestano studio Eat-Lancet<\/a><\/div>\n<div style=\"padding-top: 10px; width: 313px; margin: auto;\"><a style=\"decoration: none;\" href=\"https:\/\/www.scoop.it\/t\/confraternitamacellairoma\/p\/4104848062\/2019\/01\/22\/industrie-europee-della-carne-contestano-studio-eat-lancet\"><img loading=\"lazy\" src=\"https:\/\/img.scoop.it\/Mcc-Konycn6XMTRxUaojKTl72eJkfbmt4t8yenImKBXqD_qC683PzcRRQf8EIxmv\" width=\"313\" height=\"152\" border=\"0\"><\/a><\/div>\n<div style=\"padding-top: 10px; font-size: 13px; width: 300px; overflow: hidden; text-overflow: ellipsis; word-wrap: break-word;\"><a style=\"color: #010101; text-decoration: none;\" href=\"https:\/\/www.scoop.it\/t\/confraternitamacellairoma\/p\/4104848062\/2019\/01\/22\/industrie-europee-della-carne-contestano-studio-eat-lancet\">Lo studio della commissione Eat-Lancet secondo cui \u00e8 necessaria una sensibile riduzione dei consumi di carne per nutrire il pianeta in modo sostenibile &#8220;ripropone vecchi argomenti anti-zootecnia&#8221;<\/a><\/div>\n<\/td>\n<\/tr>\n<\/tbody>\n<\/table>\n<table style=\"margin-top: 5px;\" border=\"0\" width=\"333\" cellspacing=\"0\" cellpadding=\"0\">\n<tbody>\n<tr>\n<td style=\"border: 1px solid #e3e3e3; padding: 10px 5px 10px 5px;\">\n<div style=\"font-size: 16px; font-weight: bold;\"><a style=\"color: #010101; text-decoration: none;\" href=\"https:\/\/www.scoop.it\/t\/confraternitamacellairoma\/p\/4104845957\/2019\/01\/22\/promozione-salumi-italiani-l-ivsi-torna-negli-usa-per-il-progetto-enjoy-european-quality\">Promozione salumi italiani. L&#8217;Ivsi torna negli Usa per il progetto Enjoy European Quality<\/a><\/div>\n<div style=\"padding-top: 10px; width: 313px; margin: auto;\"><a style=\"decoration: none;\" href=\"https:\/\/www.scoop.it\/t\/confraternitamacellairoma\/p\/4104845957\/2019\/01\/22\/promozione-salumi-italiani-l-ivsi-torna-negli-usa-per-il-progetto-enjoy-european-quality\"><img loading=\"lazy\" src=\"https:\/\/img.scoop.it\/w_uUXXG6LLHs9Gv_pPgHkDl72eJkfbmt4t8yenImKBXqD_qC683PzcRRQf8EIxmv\" width=\"313\" height=\"209\" border=\"0\"><\/a><\/div>\n<div style=\"padding-top: 10px; font-size: 13px; width: 300px; overflow: hidden; text-overflow: ellipsis; word-wrap: break-word;\"><a style=\"color: #010101; text-decoration: none;\" href=\"https:\/\/www.scoop.it\/t\/confraternitamacellairoma\/p\/4104845957\/2019\/01\/22\/promozione-salumi-italiani-l-ivsi-torna-negli-usa-per-il-progetto-enjoy-european-quality\">L\u2019Istituto Valorizzazione Salumi Italiani (IVSI) torna negli Stati Uniti dal 14 al 16 gennaio nell\u2019ambito del progetto Enjoy European Quality (<\/a><a href=\"http:\/\/www.enjoyeuropeanquality.eu\" rel=\"nofollow\">http:\/\/www.enjoyeuropeanquality.eu<\/a>), un programma triennale cofinanziato dalla Comunit\u00e0 Europea che ha lo scopo di aumentare la notoriet\u00e0 e la riconoscibilit\u00e0 dei prodotti europei nel settore food&amp;wine nel mercato USA<\/div>\n<\/td>\n<\/tr>\n<\/tbody>\n<\/table>\n<table style=\"margin-top: 5px;\" border=\"0\" width=\"333\" cellspacing=\"0\" cellpadding=\"0\">\n<tbody>\n<tr>\n<td style=\"border: 1px solid #e3e3e3; padding: 10px 5px 10px 5px;\">\n<div style=\"font-size: 16px; font-weight: bold;\"><a style=\"color: #010101; text-decoration: none;\" href=\"https:\/\/www.scoop.it\/t\/confraternitamacellairoma\/p\/4104845941\/2019\/01\/22\/la-carne-salada-un-must-trentino-che-si-trovava-anche-nel-piatto-del-principe-vescovo-bernardo-clesio\">La carne salada, un must trentino che si trovava anche nel piatto del principe vescovo Bernardo Clesio<\/a><\/div>\n<div style=\"padding-top: 10px; width: 313px; margin: auto;\"><a style=\"decoration: none;\" href=\"https:\/\/www.scoop.it\/t\/confraternitamacellairoma\/p\/4104845941\/2019\/01\/22\/la-carne-salada-un-must-trentino-che-si-trovava-anche-nel-piatto-del-principe-vescovo-bernardo-clesio\"><img loading=\"lazy\" src=\"https:\/\/img.scoop.it\/NtcrshXdO4UCxh9Vk9wWrTl72eJkfbmt4t8yenImKBXqD_qC683PzcRRQf8EIxmv\" width=\"313\" height=\"144\" border=\"0\"><\/a><\/div>\n<div style=\"padding-top: 10px; font-size: 13px; width: 300px; overflow: hidden; text-overflow: ellipsis; word-wrap: break-word;\"><a style=\"color: #010101; text-decoration: none;\" href=\"https:\/\/www.scoop.it\/t\/confraternitamacellairoma\/p\/4104845941\/2019\/01\/22\/la-carne-salada-un-must-trentino-che-si-trovava-anche-nel-piatto-del-principe-vescovo-bernardo-clesio\">La carne \u00e8 tra gli alimenti pi\u00f9 gettonati sulle tavole.&nbsp;Naturalmente per\u00f2 c&#8217;\u00e8&nbsp;un piccolo&nbsp;\u201cproblema\u201d, quale carne utilizzare? Ce ne sono cos\u00ec tante al mondo tra cui scegliere e si diversificano per sapore, origine, consistenza e cos\u00ec via<\/a><\/div>\n<\/td>\n<\/tr>\n<\/tbody>\n<\/table>\n<\/td>\n<\/tr>\n<\/tbody>\n<\/table>\n","protected":false},"excerpt":{"rendered":"<p>Confraternita di Santa Maria della Quercia dei Macellai di Roma by Confraternita di Santa Maria della Quercia dei Macellai di Roma &nbsp; &nbsp; Coldiretti: &#8220;Valorizzare zootecnia Made in Piemonte contro l&#8217;estinzione delle razze storiche\u201d L\u2019allarme lanciato in occasione di Sant\u2019Antonio Abate, il Patrono degli animali Salumi Dop, stretta sui controlli: un software seguir\u00e0 tutte le [&hellip;]<\/p>\n","protected":false},"author":4,"featured_media":6581,"comment_status":"open","ping_status":"open","sticky":false,"template":"","format":"standard","meta":{"ngg_post_thumbnail":0},"categories":[109],"tags":[],"_links":{"self":[{"href":"https:\/\/www.confraternitamacellairoma.org\/quercia\/wp-json\/wp\/v2\/posts\/6565"}],"collection":[{"href":"https:\/\/www.confraternitamacellairoma.org\/quercia\/wp-json\/wp\/v2\/posts"}],"about":[{"href":"https:\/\/www.confraternitamacellairoma.org\/quercia\/wp-json\/wp\/v2\/types\/post"}],"author":[{"embeddable":true,"href":"https:\/\/www.confraternitamacellairoma.org\/quercia\/wp-json\/wp\/v2\/users\/4"}],"replies":[{"embeddable":true,"href":"https:\/\/www.confraternitamacellairoma.org\/quercia\/wp-json\/wp\/v2\/comments?post=6565"}],"version-history":[{"count":3,"href":"https:\/\/www.confraternitamacellairoma.org\/quercia\/wp-json\/wp\/v2\/posts\/6565\/revisions"}],"predecessor-version":[{"id":6585,"href":"https:\/\/www.confraternitamacellairoma.org\/quercia\/wp-json\/wp\/v2\/posts\/6565\/revisions\/6585"}],"wp:featuredmedia":[{"embeddable":true,"href":"https:\/\/www.confraternitamacellairoma.org\/quercia\/wp-json\/wp\/v2\/media\/6581"}],"wp:attachment":[{"href":"https:\/\/www.confraternitamacellairoma.org\/quercia\/wp-json\/wp\/v2\/media?parent=6565"}],"wp:term":[{"taxonomy":"category","embeddable":true,"href":"https:\/\/www.confraternitamacellairoma.org\/quercia\/wp-json\/wp\/v2\/categories?post=6565"},{"taxonomy":"post_tag","embeddable":true,"href":"https:\/\/www.confraternitamacellairoma.org\/quercia\/wp-json\/wp\/v2\/tags?post=6565"}],"curies":[{"name":"wp","href":"https:\/\/api.w.org\/{rel}","templated":true}]}}