{"id":7354,"date":"2020-02-07T11:24:02","date_gmt":"2020-02-07T10:24:02","guid":{"rendered":"https:\/\/www.confraternitamacellairoma.org\/quercia\/?p=7354"},"modified":"2020-02-07T11:24:02","modified_gmt":"2020-02-07T10:24:02","slug":"v-domenica-del-tempo-ordinario-domenica-9-febbraio-2020","status":"publish","type":"post","link":"https:\/\/www.confraternitamacellairoma.org\/quercia\/v-domenica-del-tempo-ordinario-domenica-9-febbraio-2020\/","title":{"rendered":"V DOMENICA DEL TEMPO ORDINARIO \/ Domenica 9 febbraio 2020"},"content":{"rendered":"<p><em>In questa celebrazione, in cui il Signore ci fa sperimentare la sua misericordia e il suo amore, accogliamo l\u2019invito ad essere suoi testimoni autentici. Egli ci chiama, infatti, ad essere servitori del suo Regno, per essere sale e luce del mondo. Chiediamo il dono dello Spirito, perch\u00e9 ci sostenga in questa bellissima missione.<\/em><\/p>\n<section id=\"3228\">\n<h2>La luce del giusto splende davanti agli uomini<\/h2>\n<p>Il vero digiuno \u2013 come sottolinea il profeta Isaia (I Lettura) \u2013 consiste nel praticare le opere di giustizia e di misericordia. In tal modo si rimargina la ferita del nostro egoismo e diventiamo luminosi, ottenendo il perdono e il soccorso del Signore. Il salmista (Salmo 111) ci presenta la beatitudine del giusto che accoglie e mette in pratica la legge di Dio, distinguendosi per la piet\u00e0 e la generosit\u00e0. I discepoli di Ges\u00f9 (Vangelo), che ne continuano l\u2019azione con la forza del suo Santo Spirito, ardenti nella fede sono \u201csale\u201d che d\u00e0 sapore alla storia e operosi nella carit\u00e0, sono \u201cluce\u201d che illumina il mondo. Facendo il bene, siamo il segno della presenza di Ges\u00f9 nella storia, diventando motivo per la glorificazione del Padre. La predicazione dell\u2019apostolo Paolo (II Lettura) che annuncia Ges\u00f9 Cristo crocifisso \u2013 scandalo per i giudei, stoltezza per i pagani, ma potenza e sapienza di Dio per coloro che sono chiamati \u2013 si basa sulla manifestazione della potenza dello Spirito Santo che converte i cuori. Uniti a Cristo, che ci nutre con il suo Corpo e Sangue in questo sacramento di vita eterna, siamo la sua Chiesa, chiamata a vivere secondo il vero spirito del Vangelo.<br \/>\n<strong>don Francesco Dell\u2019Orco<\/strong><\/p>\n<\/section>\n<section id=\"3229\">\n<h2>Beata Chiara Luce Badano<\/h2>\n<p>Estate 1988. Una partita di tennis. D\u2019improvviso, Chiara lascia cadere la racchetta. Un dolore atroce le attraversa la spalla. La sentenza: sarcoma. C<strong>hiara Badano, 17 anni, \u00e8 figlia unica di Maria Teresa e Ruggero. Vivace e appassionata di sport, \u00e8 una ragazza che ha scelto Dio come ideale della sua vita<\/strong>&nbsp;ma che, quando pu\u00f2, va al bar Gina, nella sua Sassello (Savona). \u00abMamma, io non devo parlare di Ges\u00f9, io glielo devo dare\u00bb, risponde a Maria Teresa quando le chiede se con i suoi amici parla anche di fede. Fin da piccola vive la spiritualit\u00e0 del Movimento dei Focolari che la spinge a vedere in ogni fatto l\u2019amore di Dio. \u00abAbbiamo iniziato la nostra avventura, fare la volont\u00e0 di Dio nell\u2019attimo presente, con il Vangelo sotto braccio faremo grandi cose\u00bb scrive con un\u2019amica a Chiara Lubich, la fondatrice dei Focolari, che le proporr\u00e0 di aggiungere al proprio nome \u201cLuce\u201d. Per Chiara, ancora bambina, le grandi cose si traducono in piccoli gesti, come quando dona il suo orologio per i poveri. Fare tutto per Ges\u00f9: \u00e8 il suo motto. Gli offre le gioie e i piccoli dolori, come la delusione per una storia d\u2019amore appena nata e la bocciatura in quarta ginnasio. Il suo s\u00ec a Lui arriva anche dopo la terribile diagnosi. Quel giorno, di ritorno a casa, si butta sul letto e sta in silenzio per 25 minuti. Dopo quella drammatica lotta interiore, il sorriso torna sulle sue labbra e non la abbandoner\u00e0 pi\u00f9. Anche quando il giorno della sua morte dir\u00e0 alla mamma: \u00abSii felice, perch\u00e9 io lo sono\u00bb e chiede ai genitori che il suo funerale sia una festa. La stessa festa celebrata il 25 settembre 2010, alla beatificazione di Chiara di fronte a 25mila giovani provenienti da 70 nazioni del mondo che hanno trovato in lei una \u201cluce\u201d per la loro vita.&nbsp;<strong>Testi tratti dalla mostra I santi della porta accanto, promossa dall\u2019<a href=\"https:\/\/www.associazionedonzilli.it\/\">Associazione don Zilli<\/a>&nbsp;e dal Centro Culturale San Paolo.<\/strong>&nbsp;Per informazioni sulla mostra (ed eventuali richieste di esposizione):&nbsp;<a href=\"mailto:centroculturale.vicenza@stpauls.it\">centroculturale.vicenza@stpauls.it<\/a>; cell. 346 9633801.<\/p>\n<\/section>\n<section id=\"3230\">\n<h2>Preghiera dei fedeli<\/h2>\n<p>Fratelli e sorelle, il Signore oggi ci invita a essere testimoni del suo Regno, come sale e luce del mondo. Accogliamo il suo invito e chiediamo al Padre il dono dello Spirito.<\/p>\n<p><strong>Lettore &#8211; Diciamo insieme: Fortifica il tuo popolo, o Padre.<\/strong><\/p>\n<p>1. Per la Chiesa, perch\u00e9, fedele alla sua vocazione, sia luogo in cui ognuno si senta accolto e amato, in ogni sua condizione, infermit\u00e0 e necessit\u00e0, preghiamo:<\/p>\n<p>2. Per quanti hanno incarichi di governo, perch\u00e9, illuminati dalla grazia, lavorino con audacia per rimuovere ci\u00f2 che opprime l\u2019uomo, attenta alla pace e distrugge la comunione, preghiamo:<\/p>\n<p>3. Per coloro che non ricevono giustizia nel mondo, perch\u00e9 nella fede sperimentino il sostegno di Dio, che non giudica secondo le apparenze e per sentito dire, ma guarda al cuore e conosce ogni intenzione, preghiamo:<\/p>\n<p>4. Per la nostra comunit\u00e0, perch\u00e9 sia generosa nella preghiera e nelle opere, affinch\u00e9 la sua luce risplenda davanti agli uomini e tutti conoscano le meraviglie operate da Dio, preghiamo:<\/p>\n<p><em>Intenzioni della comunit\u00e0 locale.<\/em><\/p>\n<p>C &#8211; Padre clementissimo, accogli la nostra preghiera e donaci lo Spirito del tuo Figlio, che vive e regna nei secoli dei secoli.<\/p>\n<p><strong>A &#8211; Amen.<\/strong><\/p>\n<\/section>\n<section id=\"3231\">\n<h2>CALENDARIO<\/h2>\n<p>10 LU S. Scolastica (mem., bianco); S. Silvano; B. Luigi Stepinac; Giorno del ricordo in memoria delle vittime delle foibe<br \/>\n11 MA B.V. Maria di Lourdes; S. Sot\u00e8re; S. Pasquale I; Giornata mondiale del malato<br \/>\n12 ME Ss. Martiri di Abitene; S. Benedetto di Aniane<br \/>\n13 GI S. Martiniano; S. Benigno; B. Giordano di Sassonia<br \/>\n14 VE Ss. Cirillo e Metodio patroni d\u2019Europa (festa, bianco);<br \/>\n15 SA Ss. Faustino e Giovita; S. Claudio de la Colombi\u00e8re<br \/>\n16 DO VI Domenica del T.O. \/ A; VI sett. del T.O. \/ A &#8211; II sett. del Salterio; S. Giuliana; B. Giuseppe Allamano<\/p>\n<\/section>\n<section id=\"3232\">\n<h2>Salmo responsoriale e accompagnamento<\/h2>\n<p><img src=\"https:\/\/www.la-domenica.it\/files\/2020\/08\/salmo_20200209.png\" alt=\"\" width=\"380\"><\/p>\n<p><strong>PROPOSTE PER I CANTI:&nbsp;&nbsp;<\/strong>da Nella casa del Padre, ElleDiCi, 5 ed. &#8211;<\/p>\n<p><strong>Inizio:<\/strong>&nbsp;Luce divina (560); Chiesa di Dio (622).<br \/>\n<strong>Salmo responsoriale:<\/strong>&nbsp;M\u00b0 A. Recalcati. Ritornello: Beati i puri di cuore (134).<br \/>\n<strong>Processione offertoriale:<\/strong>&nbsp;Signore, fa\u2019 di me uno strumento (726).<br \/>\n<strong>Comunione:<\/strong>&nbsp;Passa questo mondo (702); Sei tu, Signore, il pane (719).<br \/>\n<strong>Congedo:<\/strong>&nbsp;Andate per le strade (613).<\/p>\n<\/section>\n","protected":false},"excerpt":{"rendered":"<p>In questa celebrazione, in cui il Signore ci fa sperimentare la sua misericordia e il suo amore, accogliamo l\u2019invito ad essere suoi testimoni autentici. Egli ci chiama, infatti, ad essere servitori del suo Regno, per essere sale e luce del mondo. Chiediamo il dono dello Spirito, perch\u00e9 ci sostenga in questa bellissima missione. La luce [&hellip;]<\/p>\n","protected":false},"author":4,"featured_media":7355,"comment_status":"closed","ping_status":"open","sticky":false,"template":"","format":"standard","meta":{"ngg_post_thumbnail":0},"categories":[49,50],"tags":[],"_links":{"self":[{"href":"https:\/\/www.confraternitamacellairoma.org\/quercia\/wp-json\/wp\/v2\/posts\/7354"}],"collection":[{"href":"https:\/\/www.confraternitamacellairoma.org\/quercia\/wp-json\/wp\/v2\/posts"}],"about":[{"href":"https:\/\/www.confraternitamacellairoma.org\/quercia\/wp-json\/wp\/v2\/types\/post"}],"author":[{"embeddable":true,"href":"https:\/\/www.confraternitamacellairoma.org\/quercia\/wp-json\/wp\/v2\/users\/4"}],"replies":[{"embeddable":true,"href":"https:\/\/www.confraternitamacellairoma.org\/quercia\/wp-json\/wp\/v2\/comments?post=7354"}],"version-history":[{"count":1,"href":"https:\/\/www.confraternitamacellairoma.org\/quercia\/wp-json\/wp\/v2\/posts\/7354\/revisions"}],"predecessor-version":[{"id":7356,"href":"https:\/\/www.confraternitamacellairoma.org\/quercia\/wp-json\/wp\/v2\/posts\/7354\/revisions\/7356"}],"wp:featuredmedia":[{"embeddable":true,"href":"https:\/\/www.confraternitamacellairoma.org\/quercia\/wp-json\/wp\/v2\/media\/7355"}],"wp:attachment":[{"href":"https:\/\/www.confraternitamacellairoma.org\/quercia\/wp-json\/wp\/v2\/media?parent=7354"}],"wp:term":[{"taxonomy":"category","embeddable":true,"href":"https:\/\/www.confraternitamacellairoma.org\/quercia\/wp-json\/wp\/v2\/categories?post=7354"},{"taxonomy":"post_tag","embeddable":true,"href":"https:\/\/www.confraternitamacellairoma.org\/quercia\/wp-json\/wp\/v2\/tags?post=7354"}],"curies":[{"name":"wp","href":"https:\/\/api.w.org\/{rel}","templated":true}]}}