{"id":7396,"date":"2020-03-30T14:52:27","date_gmt":"2020-03-30T12:52:27","guid":{"rendered":"https:\/\/www.confraternitamacellairoma.org\/quercia\/?p=7396"},"modified":"2020-03-30T16:34:14","modified_gmt":"2020-03-30T14:34:14","slug":"coronavirus-pasqua-a-porte-chiuse-papa-francesco-celebrera-le-funzioni-in-streaming","status":"publish","type":"post","link":"https:\/\/www.confraternitamacellairoma.org\/quercia\/coronavirus-pasqua-a-porte-chiuse-papa-francesco-celebrera-le-funzioni-in-streaming\/","title":{"rendered":"Coronavirus, Pasqua a porte chiuse: Papa Francesco celebrer\u00e0 le funzioni in streaming"},"content":{"rendered":"<section class=\"catenaccio\">La Congregazione per il culto divino e la disciplina dei sacramenti ha emanato un decreto con le indicazioni alle quali si dovranno attenere i vescovi e i preti dei Paesi colpiti dall\u2019emergenza. La via crucis dovrebbe essere spostata dal Colosseo a piazza San Pietro<\/section>\n<div class=\"social-article-wrapper\">&nbsp;<\/div>\n<div id=\"adv_text-131\" class=\"widget widget_adv_text\">\n<div id=\"videoinrail\">\n<div id=\"Brid_movingup_container\" class=\"brid-outstream\">\n<div id=\"Brid_movingup\" class=\"brid brid-default-skin brid-smaller brid-paused\">\n<div class=\"brid-holder\">\n<div class=\"brid-next-popup\">\n<div class=\"brid-next-holder\">\n<div class=\"brid-thumb\">&nbsp;<\/div>\n<\/div>\n<\/div>\n<\/div>\n<\/div>\n<\/div>\n<\/div>\n<\/div>\n<section id=\"article-body-5744315\" class=\"article-body\"><strong>Pasqua a porte chiuse<\/strong>. L\u2019emergenza&nbsp;<strong>coronavirus<\/strong>&nbsp;costringer\u00e0 inevitabilmente i fedeli, in Italia e negli altri Paesi dove si sta diffondendo il contagio, a vivere le celebrazioni della Settimana Santa solo in diretta&nbsp;<strong>streaming<\/strong>. Non sar\u00e0 possibile, infatti, partecipare di persona ai diversi riti, dalla&nbsp;<strong>domenica delle palme<\/strong>&nbsp;al giorno di Pasqua. La Congregazione per il culto divino e la disciplina dei sacramenti ha emanato un decreto con le indicazioni alle quali si dovranno attenere i vescovi e i preti dei Paesi colpiti dall\u2019emergenza. Il dicastero vaticano, presieduto dal cardinale&nbsp;<strong>Robert Sarah<\/strong>, precisa che \u201cla Pasqua non \u00e8 una festa come le altre. Celebrata nell\u2019arco di tre giorni, il Triduo Pasquale, preceduta dalla Quaresima e coronata dalla Pentecoste, non pu\u00f2 essere trasferita\u201d.Dunque, nonostante la gravissima emergenza sanitaria, sar\u00e0 celebrata lo stesso domenica 12 aprile 2020. Diversa \u00e8, invece, la posizione per quanto riguarda la messa crismale, nella quale si consacrano gli oli sacri e si rinnovano le promesse sacerdotali, fissata nel messale romano la mattina del Gioved\u00ec Santo. \u201cValutando il caso concreto nei diversi Paesi, \u2013 precisa il Vaticano \u2013 il vescovo ha facolt\u00e0 di rimandarla a data posteriore\u201d.Anche&nbsp;<strong>Papa Francesco<\/strong>&nbsp;si atterr\u00e0 alle restrizioni imposte per evitare il dilagare del contagio. La Prefettura della Casa Pontificia ha gi\u00e0 annunciato che le celebrazioni della Settimana Santa presiedute&nbsp;<strong>Bergoglio<\/strong>&nbsp;saranno&nbsp;<strong>senza fedeli<\/strong>. Ma trasmesse in diretta streaming come gi\u00e0 sta avvenendo con la messa che il Pontefice celebra ogni giorno, alle 7 del mattino, nella cappella della sua residenza, Casa Santa Marta. Molto probabilmente Francesco celebrer\u00e0 tutti i riti della Settimana Santa nella Basilica Vaticana, all\u2019altare della Cattedra, e potranno concelebrare soltanto i cardinali e i vescovi della Curia romana. Allo studio, invece, la&nbsp;<strong>via crucis<\/strong>&nbsp;che dovrebbe essere spostata dal&nbsp;<strong>Colosseo<\/strong>&nbsp;a&nbsp;<strong>piazza San Pietro<\/strong>. Quest\u2019anno il Papa ha affidato le meditazioni delle quattordici stazioni alla parrocchia del carcere \u201cDue Palazzi\u201d di Padova guidata da&nbsp;<strong>don Marco Pozza<\/strong>.Sicuramente quella del 2020 sar\u00e0 una Settimana Santa abbastanza inedita per i fedeli. Il cardinale arcivescovo di Napoli,&nbsp;<strong>Crescenzio Sepe<\/strong>, ha gi\u00e0 annunciato che \u201c\u00e8 evidente che \u00e8 vietato assolutamente distribuire palme e acqua santa\u201d, due simboli tipici della Pasqua cristiana. \u201cNel difficile tempo che stiamo vivendo a motivo della pandemia di&nbsp;<strong>Covid-19<\/strong>, \u2013 scrive il cardinale Sarah \u2013 considerando il caso di impedimento a celebrare la liturgia comunitariamente in chiesa come da indicazioni dei vescovi per i territori di loro competenza, sono giunte a questa Congregazione istanze concernenti le prossime festivit\u00e0 pasquali\u201d. Il Triduo quest\u2019anno potr\u00e0 essere celebrato soltanto nelle cattedrali e nelle chiese parrocchiali. Per questo motivo il porporato africano sottolinea che \u201csono di aiuto i mezzi di comunicazione telematica in diretta, non registrata\u201d.<\/p>\n<div id=\"adv-intext-1\" class=\"\" data-sizes=\"[[300,250],&quot;fluid&quot;,[336,280]]\" data-ad-unit=\"FattoQ_Art_Intext\" data-google-query-id=\"CNv1076ZwugCFUXxdwodSO4LEA\">\n<div id=\"google_ads_iframe_\/150134580\/FATTOQDSK\/FattoQ_Art_Intext_0__container__\">&nbsp;<\/div>\n<\/div>\n<p>Sarah aggiunge che \u201ci vescovi daranno indicazioni, concordate con la Conferenza episcopale, affinch\u00e9 nella chiesa cattedrale e nelle chiese parrocchiali, pur senza la partecipazione fisica dei fedeli, il vescovo e i parroci celebrino i misteri liturgici del Triduo Pasquale, avvisando i fedeli dell\u2019ora d\u2019inizio in modo che possano unirsi in preghiera nelle proprie abitazioni\u201d.&nbsp;<strong>Niente lavanda dei piedi<\/strong>&nbsp;il Gioved\u00ec Santo, durante la messa dell\u2019ultima cena di Ges\u00f9. E niente processione eucaristica al termine della celebrazione con la reposizione del Santissimo Sacramento nei tipici altari addobbati per l\u2019occasione anche in modo molto creativo, popolarmente denominati \u201csepolcri\u201d. Questo anche per scoraggiare la visita dei fedeli alle numerose chiese parrocchiali per un momento di preghiera, seppure in privato, evitando il pi\u00f9 possibile ogni occasione di contagio.<\/p>\n<p>Anche la liturgia della&nbsp;<strong>passione<\/strong>&nbsp;e della&nbsp;<strong>morte di Ges\u00f9<\/strong>&nbsp;sar\u00e0 vissuta in modo a dir poco anomalo. Durante questa celebrazione, il Venerd\u00ec Santo, il Vaticano ha previsto che \u201cnella preghiera universale il vescovo diocesano avr\u00e0 cura di stabilire una speciale intenzione per i malati, i morti e per chi si trova in situazione di smarrimento\u201d.&nbsp;<strong>Niente battesimi<\/strong>, invece, la notte di Pasqua. La Congregazione per il culto divino e la disciplina dei sacramenti ha stabilito, inoltre, che \u201cle espressioni di piet\u00e0 popolare e le processioni che arricchiscono i giorni della Settimana Santa e del Triduo Pasquale, a giudizio del vescovo diocesano potranno essere trasferite in altri giorni convenienti, ad esempio il 14 e il 15 settembre\u201d 2020. Nella prima data, infatti, la Chiesa celebra la festa dell\u2019esaltazione della Santa Croce e nella seconda la memoria dell\u2019Addolorata. Due ricorrenze idonee per le tante processioni di piet\u00e0 popolare, molte delle quali alquanto suggestive, che, soprattutto il Venerd\u00ec Santo, ricordano la passione e la morte di Ges\u00f9, in primis il rito della via crucis.<\/p>\n<\/section>\n<p>FONTE: https:\/\/www.ilfattoquotidiano.it\/2020\/03\/21\/coronavirus-pasqua-a-porte-chiuse-papa-francesco-celebrera-le-funzioni-in-streaming\/5744315\/<\/p>\n","protected":false},"excerpt":{"rendered":"<p>La Congregazione per il culto divino e la disciplina dei sacramenti ha emanato un decreto con le indicazioni alle quali si dovranno attenere i vescovi e i preti dei Paesi colpiti dall\u2019emergenza. La via crucis dovrebbe essere spostata dal Colosseo a piazza San Pietro &nbsp; &nbsp; Pasqua a porte chiuse. L\u2019emergenza&nbsp;coronavirus&nbsp;costringer\u00e0 inevitabilmente i fedeli, in [&hellip;]<\/p>\n","protected":false},"author":4,"featured_media":7397,"comment_status":"closed","ping_status":"open","sticky":false,"template":"","format":"standard","meta":{"ngg_post_thumbnail":0},"categories":[162],"tags":[],"_links":{"self":[{"href":"https:\/\/www.confraternitamacellairoma.org\/quercia\/wp-json\/wp\/v2\/posts\/7396"}],"collection":[{"href":"https:\/\/www.confraternitamacellairoma.org\/quercia\/wp-json\/wp\/v2\/posts"}],"about":[{"href":"https:\/\/www.confraternitamacellairoma.org\/quercia\/wp-json\/wp\/v2\/types\/post"}],"author":[{"embeddable":true,"href":"https:\/\/www.confraternitamacellairoma.org\/quercia\/wp-json\/wp\/v2\/users\/4"}],"replies":[{"embeddable":true,"href":"https:\/\/www.confraternitamacellairoma.org\/quercia\/wp-json\/wp\/v2\/comments?post=7396"}],"version-history":[{"count":5,"href":"https:\/\/www.confraternitamacellairoma.org\/quercia\/wp-json\/wp\/v2\/posts\/7396\/revisions"}],"predecessor-version":[{"id":7412,"href":"https:\/\/www.confraternitamacellairoma.org\/quercia\/wp-json\/wp\/v2\/posts\/7396\/revisions\/7412"}],"wp:featuredmedia":[{"embeddable":true,"href":"https:\/\/www.confraternitamacellairoma.org\/quercia\/wp-json\/wp\/v2\/media\/7397"}],"wp:attachment":[{"href":"https:\/\/www.confraternitamacellairoma.org\/quercia\/wp-json\/wp\/v2\/media?parent=7396"}],"wp:term":[{"taxonomy":"category","embeddable":true,"href":"https:\/\/www.confraternitamacellairoma.org\/quercia\/wp-json\/wp\/v2\/categories?post=7396"},{"taxonomy":"post_tag","embeddable":true,"href":"https:\/\/www.confraternitamacellairoma.org\/quercia\/wp-json\/wp\/v2\/tags?post=7396"}],"curies":[{"name":"wp","href":"https:\/\/api.w.org\/{rel}","templated":true}]}}