{"id":7405,"date":"2020-03-30T15:04:46","date_gmt":"2020-03-30T13:04:46","guid":{"rendered":"https:\/\/www.confraternitamacellairoma.org\/quercia\/?p=7405"},"modified":"2020-03-30T16:19:00","modified_gmt":"2020-03-30T14:19:00","slug":"i-macellai-rinunciano-ai-600-euro-il-bonus-a-chi-deve-stare-chiuso","status":"publish","type":"post","link":"https:\/\/www.confraternitamacellairoma.org\/quercia\/i-macellai-rinunciano-ai-600-euro-il-bonus-a-chi-deve-stare-chiuso\/","title":{"rendered":"I macellai rinunciano ai 600 euro &#8220;Il bonus a chi deve stare chiuso&#8221;"},"content":{"rendered":"<p>Gesto si solidariet\u00e0 dei macellai di Federcarni-Ascom a favore dei colleghi commercianti costretti a restare chiusi a causa dell\u2019emergenza coronavirus.<\/p>\n<p>&#8220;Molti di noi \u2013 afferma Stefano Caselli, presidente di Federcarni, che associa 131 macellerie fra citt\u00e0 e provincia \u2013 hanno deciso di rinunciare al bonus da 600 euro messo in campo dal Governo con il decreto Cura Italia, in modo che queste risorse possano rimanere a disposizione degli imprenditori attualmente costretti a rimanere chiusi&#8221;.<\/p>\n<p>La macellerie \u2013 considerate &#8220;attivit\u00e0 essenziali&#8221; anche nell\u2019ultimo decreto, pi\u00f9 restrittivo, del premier Conte \u2013 continuano a rimanere aperte e a lavorare, &#8220;eppur con le dovute difficolt\u00e0 dettate dal momento che stiamo vivendo&#8221;.<\/p>\n<p>Proprio questo periodo di estrema incertezza, precisa Caselli, &#8220;richiede un forte senso di responsabilit\u00e0 e soprattutto solidariet\u00e0 tra le categorie che pi\u00f9 di tutte ne stanno subendo le conseguenze a livello sociale ed economico&#8221;.<\/p>\n<p>Di qui la scelta degli associati Federcarni di rinunciare ai 600 euro del bonus. &#8220;Crediamo che in un momento difficile come questo \u2013 spiega Caselli \u2013 la solidariet\u00e0 fra i commercianti sia fondamentale per uscire il prima possibile da questa situazione e ripartire tutti insieme una volta che l\u2019emergenza sar\u00e0 conclusa&#8221;.<\/p>\n<p>&nbsp;<\/p>\n<p>FONTE https:\/\/www.ilrestodelcarlino.it\/bologna\/cronaca\/i-macellai-rinunciano-ai-600-euro-il-bonus-a-chi-deve-stare-chiuso-1.5083721<\/p>\n","protected":false},"excerpt":{"rendered":"<p>Gesto si solidariet\u00e0 dei macellai di Federcarni-Ascom a favore dei colleghi commercianti costretti a restare chiusi a causa dell\u2019emergenza coronavirus. &#8220;Molti di noi \u2013 afferma Stefano Caselli, presidente di Federcarni, che associa 131 macellerie fra citt\u00e0 e provincia \u2013 hanno deciso di rinunciare al bonus da 600 euro messo in campo dal Governo con il [&hellip;]<\/p>\n","protected":false},"author":4,"featured_media":7406,"comment_status":"closed","ping_status":"open","sticky":false,"template":"","format":"standard","meta":{"ngg_post_thumbnail":0},"categories":[162],"tags":[],"_links":{"self":[{"href":"https:\/\/www.confraternitamacellairoma.org\/quercia\/wp-json\/wp\/v2\/posts\/7405"}],"collection":[{"href":"https:\/\/www.confraternitamacellairoma.org\/quercia\/wp-json\/wp\/v2\/posts"}],"about":[{"href":"https:\/\/www.confraternitamacellairoma.org\/quercia\/wp-json\/wp\/v2\/types\/post"}],"author":[{"embeddable":true,"href":"https:\/\/www.confraternitamacellairoma.org\/quercia\/wp-json\/wp\/v2\/users\/4"}],"replies":[{"embeddable":true,"href":"https:\/\/www.confraternitamacellairoma.org\/quercia\/wp-json\/wp\/v2\/comments?post=7405"}],"version-history":[{"count":1,"href":"https:\/\/www.confraternitamacellairoma.org\/quercia\/wp-json\/wp\/v2\/posts\/7405\/revisions"}],"predecessor-version":[{"id":7407,"href":"https:\/\/www.confraternitamacellairoma.org\/quercia\/wp-json\/wp\/v2\/posts\/7405\/revisions\/7407"}],"wp:featuredmedia":[{"embeddable":true,"href":"https:\/\/www.confraternitamacellairoma.org\/quercia\/wp-json\/wp\/v2\/media\/7406"}],"wp:attachment":[{"href":"https:\/\/www.confraternitamacellairoma.org\/quercia\/wp-json\/wp\/v2\/media?parent=7405"}],"wp:term":[{"taxonomy":"category","embeddable":true,"href":"https:\/\/www.confraternitamacellairoma.org\/quercia\/wp-json\/wp\/v2\/categories?post=7405"},{"taxonomy":"post_tag","embeddable":true,"href":"https:\/\/www.confraternitamacellairoma.org\/quercia\/wp-json\/wp\/v2\/tags?post=7405"}],"curies":[{"name":"wp","href":"https:\/\/api.w.org\/{rel}","templated":true}]}}