{"id":7544,"date":"2023-04-04T15:58:45","date_gmt":"2023-04-04T13:58:45","guid":{"rendered":"https:\/\/www.confraternitamacellairoma.org\/quercia\/?p=7544"},"modified":"2023-04-06T14:59:11","modified_gmt":"2023-04-06T12:59:11","slug":"pasqua-del-macellaio-domenica-delle-palme-2-aprile-2023","status":"publish","type":"post","link":"https:\/\/www.confraternitamacellairoma.org\/quercia\/pasqua-del-macellaio-domenica-delle-palme-2-aprile-2023\/","title":{"rendered":"Pasqua del Macellaio &#8211; Domenica delle Palme 2 aprile 2023"},"content":{"rendered":"<h3>La scorsa domenica 2 aprile si \u00e8 svolta in Piazza della Quercia la Pasqua del Macellaio, come da tradizione festeggiata la domenica delle Palme in seguito alla Messa e accompagnata da una ricca colazione a base di prodotti pasquali, distribuita gratis.&nbsp;<\/h3>\n<p>La tradizione pasquale della colazione in piazza si era interrotta negli ultimi due anni ma questa pausa ha soltanto dimostrato quanto ci era mancata: a noi che organizziamo e gestiamo l&#8217;evento, certo, ma anche a voi che vi siete presentati in Piazza della Quercia per trascorrere un bel momento insieme.&nbsp;<\/p>\n<p>Quest&#8217;anno abbiamo avuto il piacere di ospitare l&#8217;associazione <a href=\"https:\/\/www.comicicamici.it\/\">Comici Camici<\/a>, un team di clown dottori che lavorano negli ospedali portando un po&#8217; di buonumore ai piccoli pazienti. Ci hanno fatto compagnia in piazza con la vendita delle uova solidali, e siamo stati molto felici della partecipazione generale e del calore che ci avete dimostrato.&nbsp;<\/p>\n<h4>Per quest&#8217;anno \u00e8 andata e ci rivediamo a Pasqua 2024; il nostro calendario \u00e8 per\u00f2 ricco di eventi nei prossimi mesi, quindi seguiteci su <a href=\"https:\/\/www.facebook.com\/confraternitamacellairoma\">Facebook<\/a> per restare aggiornati!<\/h4>\n<p>&nbsp;<\/p>\n<p>\n\t\t<style type=\"text\/css\">\n\t\t\t#gallery-1 {\n\t\t\t\tmargin: auto;\n\t\t\t}\n\t\t\t#gallery-1 .gallery-item {\n\t\t\t\tfloat: left;\n\t\t\t\tmargin-top: 10px;\n\t\t\t\ttext-align: center;\n\t\t\t\twidth: 33%;\n\t\t\t}\n\t\t\t#gallery-1 img {\n\t\t\t\tborder: 2px solid #cfcfcf;\n\t\t\t}\n\t\t\t#gallery-1 .gallery-caption {\n\t\t\t\tmargin-left: 0;\n\t\t\t}\n\t\t\t\/* see gallery_shortcode() in wp-includes\/media.php *\/\n\t\t<\/style>\n\t\t<div id='gallery-1' class='gallery galleryid-7544 gallery-columns-3 gallery-size-full'><dl class='gallery-item'>\n\t\t\t<dt class='gallery-icon landscape'>\n\t\t\t\t<a href='https:\/\/www.confraternitamacellairoma.org\/quercia\/wp-content\/uploads\/2023\/04\/MS_752.jpg'><img width=\"1900\" height=\"1267\" src=\"https:\/\/www.confraternitamacellairoma.org\/quercia\/wp-content\/uploads\/2023\/04\/MS_752.jpg\" class=\"attachment-full size-full\" alt=\"\" loading=\"lazy\" srcset=\"https:\/\/www.confraternitamacellairoma.org\/quercia\/wp-content\/uploads\/2023\/04\/MS_752.jpg 1900w, https:\/\/www.confraternitamacellairoma.org\/quercia\/wp-content\/uploads\/2023\/04\/MS_752-300x200.jpg 300w, https:\/\/www.confraternitamacellairoma.org\/quercia\/wp-content\/uploads\/2023\/04\/MS_752-1024x683.jpg 1024w, https:\/\/www.confraternitamacellairoma.org\/quercia\/wp-content\/uploads\/2023\/04\/MS_752-768x512.jpg 768w, https:\/\/www.confraternitamacellairoma.org\/quercia\/wp-content\/uploads\/2023\/04\/MS_752-1536x1024.jpg 1536w\" sizes=\"(max-width: 1900px) 100vw, 1900px\" \/><\/a>\n\t\t\t<\/dt><\/dl><dl class='gallery-item'>\n\t\t\t<dt class='gallery-icon landscape'>\n\t\t\t\t<a href='https:\/\/www.confraternitamacellairoma.org\/quercia\/wp-content\/uploads\/2023\/04\/MS_588.jpg'><img width=\"1900\" height=\"1267\" src=\"https:\/\/www.confraternitamacellairoma.org\/quercia\/wp-content\/uploads\/2023\/04\/MS_588.jpg\" class=\"attachment-full size-full\" alt=\"\" loading=\"lazy\" srcset=\"https:\/\/www.confraternitamacellairoma.org\/quercia\/wp-content\/uploads\/2023\/04\/MS_588.jpg 1900w, https:\/\/www.confraternitamacellairoma.org\/quercia\/wp-content\/uploads\/2023\/04\/MS_588-300x200.jpg 300w, https:\/\/www.confraternitamacellairoma.org\/quercia\/wp-content\/uploads\/2023\/04\/MS_588-1024x683.jpg 1024w, https:\/\/www.confraternitamacellairoma.org\/quercia\/wp-content\/uploads\/2023\/04\/MS_588-768x512.jpg 768w, https:\/\/www.confraternitamacellairoma.org\/quercia\/wp-content\/uploads\/2023\/04\/MS_588-1536x1024.jpg 1536w\" sizes=\"(max-width: 1900px) 100vw, 1900px\" \/><\/a>\n\t\t\t<\/dt><\/dl><dl class='gallery-item'>\n\t\t\t<dt class='gallery-icon landscape'>\n\t\t\t\t<a href='https:\/\/www.confraternitamacellairoma.org\/quercia\/wp-content\/uploads\/2023\/04\/iguuigui.jpeg'><img width=\"1900\" height=\"1267\" src=\"https:\/\/www.confraternitamacellairoma.org\/quercia\/wp-content\/uploads\/2023\/04\/iguuigui.jpeg\" class=\"attachment-full size-full\" alt=\"\" loading=\"lazy\" srcset=\"https:\/\/www.confraternitamacellairoma.org\/quercia\/wp-content\/uploads\/2023\/04\/iguuigui.jpeg 1900w, https:\/\/www.confraternitamacellairoma.org\/quercia\/wp-content\/uploads\/2023\/04\/iguuigui-300x200.jpeg 300w, https:\/\/www.confraternitamacellairoma.org\/quercia\/wp-content\/uploads\/2023\/04\/iguuigui-1024x683.jpeg 1024w, https:\/\/www.confraternitamacellairoma.org\/quercia\/wp-content\/uploads\/2023\/04\/iguuigui-768x512.jpeg 768w, https:\/\/www.confraternitamacellairoma.org\/quercia\/wp-content\/uploads\/2023\/04\/iguuigui-1536x1024.jpeg 1536w\" sizes=\"(max-width: 1900px) 100vw, 1900px\" \/><\/a>\n\t\t\t<\/dt><\/dl><br style=\"clear: both\" \/><dl class='gallery-item'>\n\t\t\t<dt class='gallery-icon landscape'>\n\t\t\t\t<a href='https:\/\/www.confraternitamacellairoma.org\/quercia\/wp-content\/uploads\/2023\/04\/111.jpeg'><img width=\"1900\" height=\"1267\" src=\"https:\/\/www.confraternitamacellairoma.org\/quercia\/wp-content\/uploads\/2023\/04\/111.jpeg\" class=\"attachment-full size-full\" alt=\"\" loading=\"lazy\" srcset=\"https:\/\/www.confraternitamacellairoma.org\/quercia\/wp-content\/uploads\/2023\/04\/111.jpeg 1900w, https:\/\/www.confraternitamacellairoma.org\/quercia\/wp-content\/uploads\/2023\/04\/111-300x200.jpeg 300w, https:\/\/www.confraternitamacellairoma.org\/quercia\/wp-content\/uploads\/2023\/04\/111-1024x683.jpeg 1024w, https:\/\/www.confraternitamacellairoma.org\/quercia\/wp-content\/uploads\/2023\/04\/111-768x512.jpeg 768w, https:\/\/www.confraternitamacellairoma.org\/quercia\/wp-content\/uploads\/2023\/04\/111-1536x1024.jpeg 1536w\" sizes=\"(max-width: 1900px) 100vw, 1900px\" \/><\/a>\n\t\t\t<\/dt><\/dl><dl class='gallery-item'>\n\t\t\t<dt class='gallery-icon landscape'>\n\t\t\t\t<a href='https:\/\/www.confraternitamacellairoma.org\/quercia\/wp-content\/uploads\/2023\/04\/MS_257-1-scaled.jpg'><img width=\"2560\" height=\"1706\" src=\"https:\/\/www.confraternitamacellairoma.org\/quercia\/wp-content\/uploads\/2023\/04\/MS_257-1-scaled.jpg\" class=\"attachment-full size-full\" alt=\"\" loading=\"lazy\" srcset=\"https:\/\/www.confraternitamacellairoma.org\/quercia\/wp-content\/uploads\/2023\/04\/MS_257-1-scaled.jpg 2560w, https:\/\/www.confraternitamacellairoma.org\/quercia\/wp-content\/uploads\/2023\/04\/MS_257-1-300x200.jpg 300w, https:\/\/www.confraternitamacellairoma.org\/quercia\/wp-content\/uploads\/2023\/04\/MS_257-1-1024x683.jpg 1024w, https:\/\/www.confraternitamacellairoma.org\/quercia\/wp-content\/uploads\/2023\/04\/MS_257-1-768x512.jpg 768w, https:\/\/www.confraternitamacellairoma.org\/quercia\/wp-content\/uploads\/2023\/04\/MS_257-1-1536x1024.jpg 1536w, https:\/\/www.confraternitamacellairoma.org\/quercia\/wp-content\/uploads\/2023\/04\/MS_257-1-2048x1365.jpg 2048w\" sizes=\"(max-width: 2560px) 100vw, 2560px\" \/><\/a>\n\t\t\t<\/dt><\/dl><dl class='gallery-item'>\n\t\t\t<dt class='gallery-icon landscape'>\n\t\t\t\t<a href='https:\/\/www.confraternitamacellairoma.org\/quercia\/wp-content\/uploads\/2023\/04\/YUXq433Y.jpeg'><img width=\"1900\" height=\"1267\" src=\"https:\/\/www.confraternitamacellairoma.org\/quercia\/wp-content\/uploads\/2023\/04\/YUXq433Y.jpeg\" class=\"attachment-full size-full\" alt=\"\" loading=\"lazy\" srcset=\"https:\/\/www.confraternitamacellairoma.org\/quercia\/wp-content\/uploads\/2023\/04\/YUXq433Y.jpeg 1900w, https:\/\/www.confraternitamacellairoma.org\/quercia\/wp-content\/uploads\/2023\/04\/YUXq433Y-300x200.jpeg 300w, https:\/\/www.confraternitamacellairoma.org\/quercia\/wp-content\/uploads\/2023\/04\/YUXq433Y-1024x683.jpeg 1024w, https:\/\/www.confraternitamacellairoma.org\/quercia\/wp-content\/uploads\/2023\/04\/YUXq433Y-768x512.jpeg 768w, https:\/\/www.confraternitamacellairoma.org\/quercia\/wp-content\/uploads\/2023\/04\/YUXq433Y-1536x1024.jpeg 1536w\" sizes=\"(max-width: 1900px) 100vw, 1900px\" \/><\/a>\n\t\t\t<\/dt><\/dl><br style=\"clear: both\" \/><dl class='gallery-item'>\n\t\t\t<dt class='gallery-icon landscape'>\n\t\t\t\t<a href='https:\/\/www.confraternitamacellairoma.org\/quercia\/wp-content\/uploads\/2023\/04\/MS_786.jpg'><img width=\"1900\" height=\"1267\" src=\"https:\/\/www.confraternitamacellairoma.org\/quercia\/wp-content\/uploads\/2023\/04\/MS_786.jpg\" class=\"attachment-full size-full\" alt=\"\" loading=\"lazy\" srcset=\"https:\/\/www.confraternitamacellairoma.org\/quercia\/wp-content\/uploads\/2023\/04\/MS_786.jpg 1900w, https:\/\/www.confraternitamacellairoma.org\/quercia\/wp-content\/uploads\/2023\/04\/MS_786-300x200.jpg 300w, https:\/\/www.confraternitamacellairoma.org\/quercia\/wp-content\/uploads\/2023\/04\/MS_786-1024x683.jpg 1024w, https:\/\/www.confraternitamacellairoma.org\/quercia\/wp-content\/uploads\/2023\/04\/MS_786-768x512.jpg 768w, https:\/\/www.confraternitamacellairoma.org\/quercia\/wp-content\/uploads\/2023\/04\/MS_786-1536x1024.jpg 1536w\" sizes=\"(max-width: 1900px) 100vw, 1900px\" \/><\/a>\n\t\t\t<\/dt><\/dl><dl class='gallery-item'>\n\t\t\t<dt class='gallery-icon landscape'>\n\t\t\t\t<a href='https:\/\/www.confraternitamacellairoma.org\/quercia\/wp-content\/uploads\/2023\/04\/guguioyhioyh.jpeg'><img width=\"1900\" height=\"1267\" src=\"https:\/\/www.confraternitamacellairoma.org\/quercia\/wp-content\/uploads\/2023\/04\/guguioyhioyh.jpeg\" class=\"attachment-full size-full\" alt=\"\" loading=\"lazy\" srcset=\"https:\/\/www.confraternitamacellairoma.org\/quercia\/wp-content\/uploads\/2023\/04\/guguioyhioyh.jpeg 1900w, https:\/\/www.confraternitamacellairoma.org\/quercia\/wp-content\/uploads\/2023\/04\/guguioyhioyh-300x200.jpeg 300w, https:\/\/www.confraternitamacellairoma.org\/quercia\/wp-content\/uploads\/2023\/04\/guguioyhioyh-1024x683.jpeg 1024w, https:\/\/www.confraternitamacellairoma.org\/quercia\/wp-content\/uploads\/2023\/04\/guguioyhioyh-768x512.jpeg 768w, https:\/\/www.confraternitamacellairoma.org\/quercia\/wp-content\/uploads\/2023\/04\/guguioyhioyh-1536x1024.jpeg 1536w\" sizes=\"(max-width: 1900px) 100vw, 1900px\" \/><\/a>\n\t\t\t<\/dt><\/dl><dl class='gallery-item'>\n\t\t\t<dt class='gallery-icon landscape'>\n\t\t\t\t<a href='https:\/\/www.confraternitamacellairoma.org\/quercia\/wp-content\/uploads\/2023\/04\/gugu.jpeg'><img width=\"1900\" height=\"1267\" src=\"https:\/\/www.confraternitamacellairoma.org\/quercia\/wp-content\/uploads\/2023\/04\/gugu.jpeg\" class=\"attachment-full size-full\" alt=\"\" loading=\"lazy\" srcset=\"https:\/\/www.confraternitamacellairoma.org\/quercia\/wp-content\/uploads\/2023\/04\/gugu.jpeg 1900w, https:\/\/www.confraternitamacellairoma.org\/quercia\/wp-content\/uploads\/2023\/04\/gugu-300x200.jpeg 300w, https:\/\/www.confraternitamacellairoma.org\/quercia\/wp-content\/uploads\/2023\/04\/gugu-1024x683.jpeg 1024w, https:\/\/www.confraternitamacellairoma.org\/quercia\/wp-content\/uploads\/2023\/04\/gugu-768x512.jpeg 768w, https:\/\/www.confraternitamacellairoma.org\/quercia\/wp-content\/uploads\/2023\/04\/gugu-1536x1024.jpeg 1536w\" sizes=\"(max-width: 1900px) 100vw, 1900px\" \/><\/a>\n\t\t\t<\/dt><\/dl><br style=\"clear: both\" \/>\n\t\t<\/div>\n<div style=\"width: 1170px;\" class=\"wp-video\"><!--[if lt IE 9]><script>document.createElement('video');<\/script><![endif]-->\n<video class=\"wp-video-shortcode\" id=\"video-7544-1\" width=\"1170\" height=\"658\" preload=\"auto\" controls=\"controls\"><source type=\"video\/mp4\" src=\"https:\/\/www.confraternitamacellairoma.org\/quercia\/wp-content\/uploads\/2023\/04\/confraternita-pasqua-2023.mp4?_=1\" \/><source type=\"video\/webm\" src=\"https:\/\/www.confraternitamacellairoma.org\/quercia\/wp-content\/uploads\/2023\/04\/confraternita-pasqua-2023.webm?_=1\" \/><source type=\"video\/ogg\" src=\"https:\/\/www.confraternitamacellairoma.org\/quercia\/wp-content\/uploads\/2023\/04\/confraternita-pasqua-2023.ogv?_=1\" \/><a href=\"https:\/\/www.confraternitamacellairoma.org\/quercia\/wp-content\/uploads\/2023\/04\/confraternita-pasqua-2023.mp4\">https:\/\/www.confraternitamacellairoma.org\/quercia\/wp-content\/uploads\/2023\/04\/confraternita-pasqua-2023.mp4<\/a><\/video><\/div>\n","protected":false},"excerpt":{"rendered":"<p>La scorsa domenica 2 aprile si \u00e8 svolta in Piazza della Quercia la Pasqua del Macellaio, come da tradizione festeggiata la domenica delle Palme in seguito alla Messa e accompagnata da una ricca colazione a base di prodotti pasquali, distribuita gratis.&nbsp; La tradizione pasquale della colazione in piazza si era interrotta negli ultimi due anni [&hellip;]<\/p>\n","protected":false},"author":4,"featured_media":7547,"comment_status":"closed","ping_status":"open","sticky":false,"template":"","format":"standard","meta":{"ngg_post_thumbnail":0},"categories":[22],"tags":[],"_links":{"self":[{"href":"https:\/\/www.confraternitamacellairoma.org\/quercia\/wp-json\/wp\/v2\/posts\/7544"}],"collection":[{"href":"https:\/\/www.confraternitamacellairoma.org\/quercia\/wp-json\/wp\/v2\/posts"}],"about":[{"href":"https:\/\/www.confraternitamacellairoma.org\/quercia\/wp-json\/wp\/v2\/types\/post"}],"author":[{"embeddable":true,"href":"https:\/\/www.confraternitamacellairoma.org\/quercia\/wp-json\/wp\/v2\/users\/4"}],"replies":[{"embeddable":true,"href":"https:\/\/www.confraternitamacellairoma.org\/quercia\/wp-json\/wp\/v2\/comments?post=7544"}],"version-history":[{"count":9,"href":"https:\/\/www.confraternitamacellairoma.org\/quercia\/wp-json\/wp\/v2\/posts\/7544\/revisions"}],"predecessor-version":[{"id":7561,"href":"https:\/\/www.confraternitamacellairoma.org\/quercia\/wp-json\/wp\/v2\/posts\/7544\/revisions\/7561"}],"wp:featuredmedia":[{"embeddable":true,"href":"https:\/\/www.confraternitamacellairoma.org\/quercia\/wp-json\/wp\/v2\/media\/7547"}],"wp:attachment":[{"href":"https:\/\/www.confraternitamacellairoma.org\/quercia\/wp-json\/wp\/v2\/media?parent=7544"}],"wp:term":[{"taxonomy":"category","embeddable":true,"href":"https:\/\/www.confraternitamacellairoma.org\/quercia\/wp-json\/wp\/v2\/categories?post=7544"},{"taxonomy":"post_tag","embeddable":true,"href":"https:\/\/www.confraternitamacellairoma.org\/quercia\/wp-json\/wp\/v2\/tags?post=7544"}],"curies":[{"name":"wp","href":"https:\/\/api.w.org\/{rel}","templated":true}]}}