{"id":7591,"date":"2023-12-07T14:52:30","date_gmt":"2023-12-07T13:52:30","guid":{"rendered":"https:\/\/www.confraternitamacellairoma.org\/quercia\/?p=7591"},"modified":"2023-12-27T10:24:36","modified_gmt":"2023-12-27T09:24:36","slug":"ll-presepe-della-confraternita","status":"publish","type":"post","link":"https:\/\/www.confraternitamacellairoma.org\/quercia\/ll-presepe-della-confraternita\/","title":{"rendered":"ll presepe della Confraternita"},"content":{"rendered":"<p>Come ogni 8 dicembre nella nostra Chiesa di Santa Maria della Quercia abbiamo allestito il presepe, una tradizione che ogni anno si rinnova e ci proietta ancora di pi\u00f9 nello spirito cristiano del Natale.<\/p>\n<p>Potete venire a visitare la chiesa e il presepe su prenotazione <strong>dal luned\u00ec al venerd\u00ec dalle ore 9,00 alle ore 12,00.<span id=\"more-852\"><\/span><\/strong><br \/>\nLa visita \u00e8 gratuita, per prenotare contattateci all\u2019indirizzo <strong><a href=\"mailto:segreteria@confraternitamacellairoma.org\">segreteria@confraternitamacellairoma.org<\/a> <\/strong>o al numero 06-68 68 915&nbsp; \/ &nbsp;06-68 65 196.<\/p>\n<p>&nbsp;<\/p>\n<p>&nbsp;<\/p>\n","protected":false},"excerpt":{"rendered":"<p>Come ogni 8 dicembre nella nostra Chiesa di Santa Maria della Quercia abbiamo allestito il presepe, una tradizione che ogni anno si rinnova e ci proietta ancora di pi\u00f9 nello spirito cristiano del Natale. Potete venire a visitare la chiesa e il presepe su prenotazione dal luned\u00ec al venerd\u00ec dalle ore 9,00 alle ore 12,00. [&hellip;]<\/p>\n","protected":false},"author":1,"featured_media":7589,"comment_status":"closed","ping_status":"open","sticky":false,"template":"","format":"standard","meta":{"ngg_post_thumbnail":0},"categories":[22],"tags":[],"_links":{"self":[{"href":"https:\/\/www.confraternitamacellairoma.org\/quercia\/wp-json\/wp\/v2\/posts\/7591"}],"collection":[{"href":"https:\/\/www.confraternitamacellairoma.org\/quercia\/wp-json\/wp\/v2\/posts"}],"about":[{"href":"https:\/\/www.confraternitamacellairoma.org\/quercia\/wp-json\/wp\/v2\/types\/post"}],"author":[{"embeddable":true,"href":"https:\/\/www.confraternitamacellairoma.org\/quercia\/wp-json\/wp\/v2\/users\/1"}],"replies":[{"embeddable":true,"href":"https:\/\/www.confraternitamacellairoma.org\/quercia\/wp-json\/wp\/v2\/comments?post=7591"}],"version-history":[{"count":5,"href":"https:\/\/www.confraternitamacellairoma.org\/quercia\/wp-json\/wp\/v2\/posts\/7591\/revisions"}],"predecessor-version":[{"id":7606,"href":"https:\/\/www.confraternitamacellairoma.org\/quercia\/wp-json\/wp\/v2\/posts\/7591\/revisions\/7606"}],"wp:featuredmedia":[{"embeddable":true,"href":"https:\/\/www.confraternitamacellairoma.org\/quercia\/wp-json\/wp\/v2\/media\/7589"}],"wp:attachment":[{"href":"https:\/\/www.confraternitamacellairoma.org\/quercia\/wp-json\/wp\/v2\/media?parent=7591"}],"wp:term":[{"taxonomy":"category","embeddable":true,"href":"https:\/\/www.confraternitamacellairoma.org\/quercia\/wp-json\/wp\/v2\/categories?post=7591"},{"taxonomy":"post_tag","embeddable":true,"href":"https:\/\/www.confraternitamacellairoma.org\/quercia\/wp-json\/wp\/v2\/tags?post=7591"}],"curies":[{"name":"wp","href":"https:\/\/api.w.org\/{rel}","templated":true}]}}